{"id":1644,"date":"2018-01-14T19:18:01","date_gmt":"2018-01-14T18:18:01","guid":{"rendered":"http:\/\/neihb.fr\/wordpress\/?p=1644"},"modified":"2018-01-14T19:18:01","modified_gmt":"2018-01-14T18:18:01","slug":"recours","status":"publish","type":"post","link":"http:\/\/neihb.fr\/wordpress\/2018\/01\/14\/recours\/","title":{"rendered":"Recours"},"content":{"rendered":"<p>Soucieuse de la sant\u00e9 et de la qualit\u00e9 de vie des habitants de nos villages, du maintien et de la qualit\u00e9 de notre approvisionnement en eau, de l&#8217;\u00e9quilibre naturel et de la biodiversit\u00e9, de la protection\u00a0de la faune et de la flore et de la pr\u00e9servation de la for\u00eat, l&#8217;Association Non \u00e0 l\u2019\u00c9olien Industriel en Haut-Beaujolais a d\u00e9pos\u00e9, ce vendredi 12 janvier, avec le soutien de l\u2019association Les Amis de la Nature en Haut-Beaujolais et en commun avec quinze personnes physiques, un recours devant le Tribunal Administratif de Lyon par lequel elle demande l&#8217;annulation de l\u2019arr\u00eat\u00e9 pr\u00e9fectoral pris le 12 septembre 2017 autorisant la cr\u00e9ation du parc \u00e9olien de Champ Bayon.<br \/>\nL\u2019Association attend maintenant, avec confiance, le d\u00e9bat qui va s\u2019engager devant le Tribunal.<\/p>\n","protected":false},"excerpt":{"rendered":"<p>Soucieuse de la sant\u00e9 et de la qualit\u00e9 de vie des habitants de nos villages, du maintien et de la qualit\u00e9 de notre approvisionnement en eau, de l&#8217;\u00e9quilibre naturel et de la biodiversit\u00e9, de la protection\u00a0de la faune et de la flore et de la pr\u00e9servation de la for\u00eat, l&#8217;Association\u2026<\/p>\n<p> <a class=\"continue-reading-link\" href=\"http:\/\/neihb.fr\/wordpress\/2018\/01\/14\/recours\/\"><span>Continue reading<\/span><i class=\"crycon-right-dir\"><\/i><\/a> <\/p>\n","protected":false},"author":1,"featured_media":0,"comment_status":"open","ping_status":"open","sticky":false,"template":"","format":"standard","meta":[],"categories":[1],"tags":[],"_links":{"self":[{"href":"http:\/\/neihb.fr\/wordpress\/wp-json\/wp\/v2\/posts\/1644"}],"collection":[{"href":"http:\/\/neihb.fr\/wordpress\/wp-json\/wp\/v2\/posts"}],"about":[{"href":"http:\/\/neihb.fr\/wordpress\/wp-json\/wp\/v2\/types\/post"}],"author":[{"embeddable":true,"href":"http:\/\/neihb.fr\/wordpress\/wp-json\/wp\/v2\/users\/1"}],"replies":[{"embeddable":true,"href":"http:\/\/neihb.fr\/wordpress\/wp-json\/wp\/v2\/comments?post=1644"}],"version-history":[{"count":2,"href":"http:\/\/neihb.fr\/wordpress\/wp-json\/wp\/v2\/posts\/1644\/revisions"}],"predecessor-version":[{"id":1647,"href":"http:\/\/neihb.fr\/wordpress\/wp-json\/wp\/v2\/posts\/1644\/revisions\/1647"}],"wp:attachment":[{"href":"http:\/\/neihb.fr\/wordpress\/wp-json\/wp\/v2\/media?parent=1644"}],"wp:term":[{"taxonomy":"category","embeddable":true,"href":"http:\/\/neihb.fr\/wordpress\/wp-json\/wp\/v2\/categories?post=1644"},{"taxonomy":"post_tag","embeddable":true,"href":"http:\/\/neihb.fr\/wordpress\/wp-json\/wp\/v2\/tags?post=1644"}],"curies":[{"name":"wp","href":"https:\/\/api.w.org\/{rel}","templated":true}]}}