{"id":1681,"date":"2019-03-01T18:45:00","date_gmt":"2019-03-01T17:45:00","guid":{"rendered":"http:\/\/neihb.fr\/wordpress\/?p=1681"},"modified":"2019-03-01T19:00:50","modified_gmt":"2019-03-01T18:00:50","slug":"audience-du-ta","status":"publish","type":"post","link":"http:\/\/neihb.fr\/wordpress\/2019\/03\/01\/audience-du-ta\/","title":{"rendered":"Audience du TA"},"content":{"rendered":"<p>Un peu plus de treize mois apr\u00e8s le d\u00e9p\u00f4t de notre requ\u00eate, celle-ci a \u00e9t\u00e9 examin\u00e9e par le Tribunal administratif de Lyon dans sa s\u00e9ance du jeudi 28 f\u00e9vrier.<\/p>\n<p>La l\u00e9gitimit\u00e9 de notre recours, contest\u00e9e par la partie adverse, a \u00e9t\u00e9 confirm\u00e9e par le Rapporteur public, tant sur le plan du d\u00e9lai (quatre mois apr\u00e8s l&#8217;autorisation pr\u00e9fectorale et non pas deux) que sur celui de l&#8217;int\u00e9r\u00eat \u00e0 agir des requ\u00e9rants.<\/p>\n<p>Le Rapporteur public a ensuite act\u00e9 le fait que la r\u00e9gularit\u00e9 de l&#8217;avis donn\u00e9 par l&#8217;Autorit\u00e9 environnementale \u00e9tait discutable du fait qu&#8217;il a \u00e9t\u00e9 donn\u00e9 par le m\u00eame Pr\u00e9fet que celui qui a accord\u00e9 l&#8217;autorisation unique.<br \/>\nIl s&#8217;est par la suite efforc\u00e9 de minimiser chacun des arguments de la requ\u00eate afin de se concentrer sur son objectif, \u00e0 savoir proposer au Tribunal de prononcer un sursis \u00e0 statuer de 6 \u00e0 10 mois pour permettre au promoteur de r\u00e9gulariser son dossier. C&#8217;est ce que le promoteur et l&#8217;\u00c9tat r\u00e9clamaient.<\/p>\n<p>Notre avocat a soulign\u00e9 l&#8217;irr\u00e9gularit\u00e9 de l&#8217;avis de l&#8217;Autorit\u00e9 environnementale et a insist\u00e9 sur quatre points majeurs de notre argumentaire sur lesquels le Rapporteur \u00e9tait pass\u00e9 un peu rapidement : sant\u00e9 et salubrit\u00e9, ressource en eau et zones humides, nuisances sonores, paysage et tourisme.<\/p>\n<p>L&#8217;avocat de la CNR n&#8217;a pas fait d&#8217;observation, indiquant que le Rapporteur public avait parfaitement expos\u00e9 le sujet de son point de vue. Il n&#8217;y avait pas de repr\u00e9sentant de l&#8217;\u00c9tat.<\/p>\n<p>Le jugement a \u00e9t\u00e9 mis en d\u00e9lib\u00e9r\u00e9. Le d\u00e9lai est couramment de trois semaines.<\/p>\n<p>\u00c0 suivre\u2026<\/p>\n","protected":false},"excerpt":{"rendered":"<p>Un peu plus de treize mois apr\u00e8s le d\u00e9p\u00f4t de notre requ\u00eate, celle-ci a \u00e9t\u00e9 examin\u00e9e par le Tribunal administratif de Lyon dans sa s\u00e9ance du jeudi 28 f\u00e9vrier. La l\u00e9gitimit\u00e9 de notre recours, contest\u00e9e par la partie adverse, a \u00e9t\u00e9 confirm\u00e9e par le Rapporteur public, tant sur le plan\u2026<\/p>\n<p> <a class=\"continue-reading-link\" href=\"http:\/\/neihb.fr\/wordpress\/2019\/03\/01\/audience-du-ta\/\"><span>Continue reading<\/span><i class=\"crycon-right-dir\"><\/i><\/a> <\/p>\n","protected":false},"author":1,"featured_media":0,"comment_status":"open","ping_status":"open","sticky":false,"template":"","format":"standard","meta":[],"categories":[1],"tags":[],"_links":{"self":[{"href":"http:\/\/neihb.fr\/wordpress\/wp-json\/wp\/v2\/posts\/1681"}],"collection":[{"href":"http:\/\/neihb.fr\/wordpress\/wp-json\/wp\/v2\/posts"}],"about":[{"href":"http:\/\/neihb.fr\/wordpress\/wp-json\/wp\/v2\/types\/post"}],"author":[{"embeddable":true,"href":"http:\/\/neihb.fr\/wordpress\/wp-json\/wp\/v2\/users\/1"}],"replies":[{"embeddable":true,"href":"http:\/\/neihb.fr\/wordpress\/wp-json\/wp\/v2\/comments?post=1681"}],"version-history":[{"count":3,"href":"http:\/\/neihb.fr\/wordpress\/wp-json\/wp\/v2\/posts\/1681\/revisions"}],"predecessor-version":[{"id":1686,"href":"http:\/\/neihb.fr\/wordpress\/wp-json\/wp\/v2\/posts\/1681\/revisions\/1686"}],"wp:attachment":[{"href":"http:\/\/neihb.fr\/wordpress\/wp-json\/wp\/v2\/media?parent=1681"}],"wp:term":[{"taxonomy":"category","embeddable":true,"href":"http:\/\/neihb.fr\/wordpress\/wp-json\/wp\/v2\/categories?post=1681"},{"taxonomy":"post_tag","embeddable":true,"href":"http:\/\/neihb.fr\/wordpress\/wp-json\/wp\/v2\/tags?post=1681"}],"curies":[{"name":"wp","href":"https:\/\/api.w.org\/{rel}","templated":true}]}}