{"id":1688,"date":"2019-03-24T12:39:35","date_gmt":"2019-03-24T11:39:35","guid":{"rendered":"http:\/\/neihb.fr\/wordpress\/?p=1688"},"modified":"2019-03-24T12:39:35","modified_gmt":"2019-03-24T11:39:35","slug":"jugement","status":"publish","type":"post","link":"http:\/\/neihb.fr\/wordpress\/2019\/03\/24\/jugement\/","title":{"rendered":"Jugement"},"content":{"rendered":"<p>Apr\u00e8s trois semaines de d\u00e9lib\u00e9r\u00e9, le Tribunal administratif vient de rendre son jugement dans le cadre du recours d\u00e9pos\u00e9 contre l&#8217;arr\u00eat\u00e9 pr\u00e9fectoral autorisant la cr\u00e9ation du parc \u00e9olien de Champ Bayon.<\/p>\n<p>Suivant les recommandations du Rapporteur public, il vient, en date du 21 mars, de prononcer un sursis \u00e0 statuer. Le vice qui entache la l\u00e9galit\u00e9 de l&#8217;autorisation environnementale \u00e9mise par le m\u00eame Pr\u00e9fet que celui qui a accord\u00e9 l&#8217;autorisation unique a donc \u00e9t\u00e9 retenu. Toutefois, le Tribunal estime que cette ill\u00e9galit\u00e9 peut \u00eatre r\u00e9gularis\u00e9e par la consultation d&#8217;une autorit\u00e9 environnementale pr\u00e9sentant les garanties d&#8217;impartialit\u00e9 requises (MRAE = mission r\u00e9gionale de l&#8217;autorit\u00e9 environnementale).<\/p>\n<p>Le Pr\u00e9fet du Rh\u00f4ne a donc jusqu&#8217;au 21 septembre pour transmettre au Tribunal un arr\u00eat\u00e9 de r\u00e9gularisation pris \u00e0 la suite de cette consultation. Au cas o\u00f9 l&#8217;avis \u00e9mis par la nouvelle autorit\u00e9 environnementale diff\u00e9rerait notablement de l&#8217;avis \u00e9mis pr\u00e9c\u00e9demment, une enqu\u00eate publique compl\u00e9mentaire devra \u00eatre organis\u00e9e. Le sursis \u00e0 statuer sur la requ\u00eate en cours serait alors prolong\u00e9 jusqu&#8217;au 21 janvier.<\/p>\n","protected":false},"excerpt":{"rendered":"<p>Apr\u00e8s trois semaines de d\u00e9lib\u00e9r\u00e9, le Tribunal administratif vient de rendre son jugement dans le cadre du recours d\u00e9pos\u00e9 contre l&#8217;arr\u00eat\u00e9 pr\u00e9fectoral autorisant la cr\u00e9ation du parc \u00e9olien de Champ Bayon. Suivant les recommandations du Rapporteur public, il vient, en date du 21 mars, de prononcer un sursis \u00e0 statuer.\u2026<\/p>\n<p> <a class=\"continue-reading-link\" href=\"http:\/\/neihb.fr\/wordpress\/2019\/03\/24\/jugement\/\"><span>Continue reading<\/span><i class=\"crycon-right-dir\"><\/i><\/a> <\/p>\n","protected":false},"author":1,"featured_media":0,"comment_status":"open","ping_status":"open","sticky":false,"template":"","format":"standard","meta":[],"categories":[1],"tags":[],"_links":{"self":[{"href":"http:\/\/neihb.fr\/wordpress\/wp-json\/wp\/v2\/posts\/1688"}],"collection":[{"href":"http:\/\/neihb.fr\/wordpress\/wp-json\/wp\/v2\/posts"}],"about":[{"href":"http:\/\/neihb.fr\/wordpress\/wp-json\/wp\/v2\/types\/post"}],"author":[{"embeddable":true,"href":"http:\/\/neihb.fr\/wordpress\/wp-json\/wp\/v2\/users\/1"}],"replies":[{"embeddable":true,"href":"http:\/\/neihb.fr\/wordpress\/wp-json\/wp\/v2\/comments?post=1688"}],"version-history":[{"count":1,"href":"http:\/\/neihb.fr\/wordpress\/wp-json\/wp\/v2\/posts\/1688\/revisions"}],"predecessor-version":[{"id":1689,"href":"http:\/\/neihb.fr\/wordpress\/wp-json\/wp\/v2\/posts\/1688\/revisions\/1689"}],"wp:attachment":[{"href":"http:\/\/neihb.fr\/wordpress\/wp-json\/wp\/v2\/media?parent=1688"}],"wp:term":[{"taxonomy":"category","embeddable":true,"href":"http:\/\/neihb.fr\/wordpress\/wp-json\/wp\/v2\/categories?post=1688"},{"taxonomy":"post_tag","embeddable":true,"href":"http:\/\/neihb.fr\/wordpress\/wp-json\/wp\/v2\/tags?post=1688"}],"curies":[{"name":"wp","href":"https:\/\/api.w.org\/{rel}","templated":true}]}}