{"id":1859,"date":"2020-01-22T22:13:54","date_gmt":"2020-01-22T21:13:54","guid":{"rendered":"http:\/\/neihb.fr\/wordpress\/?p=1859"},"modified":"2021-02-07T10:11:17","modified_gmt":"2021-02-07T09:11:17","slug":"arrete-n3","status":"publish","type":"post","link":"http:\/\/neihb.fr\/wordpress\/2020\/01\/22\/arrete-n3\/","title":{"rendered":"Arr\u00eat\u00e9 n\u00b03"},"content":{"rendered":"<p>Ainsi donc, les consignes gouvernementales ont \u00e9t\u00e9 fid\u00e8lement appliqu\u00e9es : le Pr\u00e9fet a publi\u00e9, ce lundi 20 janvier 2020, son arr\u00eat\u00e9 de r\u00e9gularisation confirmant l&#8217;autorisation d\u00e9j\u00e0 d\u00e9livr\u00e9e en septembre 2017 et confirm\u00e9e en avril 2019 \u00e0 la soci\u00e9t\u00e9 Parc \u00e9olien de Champ Bayon.<\/p>\n<p>Cette d\u00e9cision intervient au m\u00e9pris de la population qui s&#8217;est tr\u00e8s largement exprim\u00e9e <span style=\"text-decoration: underline;\">contre<\/span> ce projet (92% des contributions), sans tenir compte du fait que les recommandations de la MRAe n&#8217;ont re\u00e7u que des r\u00e9ponses <span style=\"text-decoration: underline;\">n\u00e9gatives<\/span> du promoteur et en passant outre l&#8217;avis <span style=\"text-decoration: underline;\">d\u00e9favorable<\/span> du commissaire-enqu\u00eateur, le second apr\u00e8s celui \u00e9mis d\u00e9but 2017 \u00e0 l&#8217;issue de l&#8217;enqu\u00eate publique initiale.<\/p>\n<p>Nous sommes clairement face \u00e0 un d\u00e9ni de d\u00e9mocratie !<\/p>\n<p>Nous allons poursuivre et multiplier nos actions en utilisant toutes les voies de recours possibles. Nous continuerons \u00e0 nous battre pour d\u00e9fendre notre cadre de vie, nos ressources et la tranquillit\u00e9 de nos villages contre les envahisseurs avides de profit.<\/p>\n","protected":false},"excerpt":{"rendered":"<p>Ainsi donc, les consignes gouvernementales ont \u00e9t\u00e9 fid\u00e8lement appliqu\u00e9es : le Pr\u00e9fet a publi\u00e9, ce lundi 20 janvier 2020, son arr\u00eat\u00e9 de r\u00e9gularisation confirmant l&#8217;autorisation d\u00e9j\u00e0 d\u00e9livr\u00e9e en septembre 2017 et confirm\u00e9e en avril 2019 \u00e0 la soci\u00e9t\u00e9 Parc \u00e9olien de Champ Bayon. Cette d\u00e9cision intervient au m\u00e9pris de la\u2026<\/p>\n<p> <a class=\"continue-reading-link\" href=\"http:\/\/neihb.fr\/wordpress\/2020\/01\/22\/arrete-n3\/\"><span>Continue reading<\/span><i class=\"crycon-right-dir\"><\/i><\/a> <\/p>\n","protected":false},"author":1,"featured_media":0,"comment_status":"open","ping_status":"open","sticky":false,"template":"","format":"standard","meta":[],"categories":[1],"tags":[],"_links":{"self":[{"href":"http:\/\/neihb.fr\/wordpress\/wp-json\/wp\/v2\/posts\/1859"}],"collection":[{"href":"http:\/\/neihb.fr\/wordpress\/wp-json\/wp\/v2\/posts"}],"about":[{"href":"http:\/\/neihb.fr\/wordpress\/wp-json\/wp\/v2\/types\/post"}],"author":[{"embeddable":true,"href":"http:\/\/neihb.fr\/wordpress\/wp-json\/wp\/v2\/users\/1"}],"replies":[{"embeddable":true,"href":"http:\/\/neihb.fr\/wordpress\/wp-json\/wp\/v2\/comments?post=1859"}],"version-history":[{"count":2,"href":"http:\/\/neihb.fr\/wordpress\/wp-json\/wp\/v2\/posts\/1859\/revisions"}],"predecessor-version":[{"id":1953,"href":"http:\/\/neihb.fr\/wordpress\/wp-json\/wp\/v2\/posts\/1859\/revisions\/1953"}],"wp:attachment":[{"href":"http:\/\/neihb.fr\/wordpress\/wp-json\/wp\/v2\/media?parent=1859"}],"wp:term":[{"taxonomy":"category","embeddable":true,"href":"http:\/\/neihb.fr\/wordpress\/wp-json\/wp\/v2\/categories?post=1859"},{"taxonomy":"post_tag","embeddable":true,"href":"http:\/\/neihb.fr\/wordpress\/wp-json\/wp\/v2\/tags?post=1859"}],"curies":[{"name":"wp","href":"https:\/\/api.w.org\/{rel}","templated":true}]}}