{"id":1884,"date":"2020-03-17T18:39:07","date_gmt":"2020-03-17T17:39:07","guid":{"rendered":"http:\/\/neihb.fr\/wordpress\/?p=1884"},"modified":"2020-03-17T18:56:57","modified_gmt":"2020-03-17T17:56:57","slug":"le-tribunal-statue","status":"publish","type":"post","link":"http:\/\/neihb.fr\/wordpress\/2020\/03\/17\/le-tribunal-statue\/","title":{"rendered":"Le tribunal statue"},"content":{"rendered":"<p>Comme suite au recours d\u00e9pos\u00e9 par les requ\u00e9rants en janvier 2018 contre l&#8217;arr\u00eat\u00e9 pr\u00e9fectoral initial, le Tribunal administratif, reconnaissant l&#8217;ill\u00e9galit\u00e9 de l&#8217;avis de l&#8217;Autorit\u00e9 environnementale, avait demand\u00e9 au Pr\u00e9fet de solliciter une autorit\u00e9 environnementale ind\u00e9pendante et prononc\u00e9 un sursis \u00e0 statuer le 21 mars 2019. Le Pr\u00e9fet avait alors saisi la MRAe et celle-ci avait rendu, en juin 2019, &#8220;un avis substantiellement diff\u00e9rent de celui rendu par l&#8217;autorit\u00e9 environnementale le 20 septembre 2016.&#8221; Jusque-l\u00e0, nous sommes d&#8217;accord.<\/p>\n<p>L\u00e0 o\u00f9 \u00e7a se g\u00e2te, c&#8217;est quand le jugement rendu le 12 mars indique que &#8220;la soci\u00e9t\u00e9 Parc \u00e9olien de Champ Bayon a d\u00e9pos\u00e9 un dossier actualis\u00e9 comprenant le dossier d&#8217;enqu\u00eate compl\u00e9t\u00e9 de divers \u00e9l\u00e9ments d&#8217;information et d&#8217;analyse et, en particulier, un m\u00e9moire en r\u00e9ponse \u00e0 l&#8217;avis de la MRAe ainsi qu&#8217;une note pr\u00e9sentant l&#8217;historique du dossier et justifiant l&#8217;organisation d&#8217;une enqu\u00eate publique compl\u00e9mentaire&#8221;. Or, si le &#8220;M\u00e9moire en r\u00e9ponse \u00e0 l&#8217;avis de la MRAe&#8221; s&#8217;appliquait \u00e0 reprendre chacun des points relev\u00e9s par la MRAe, il ne comprenait en revanche aucun \u00e9l\u00e9ment d&#8217;information allant dans le sens de ce qu&#8217;elle avait r\u00e9clam\u00e9 et se bornait \u00e0 indiquer que l&#8217;\u00e9tude d&#8217;impact \u00e9tait suffisante sur tous ces points.<\/p>\n<p>Pour autant, le document existe et\u00a0ne sert que la forme puisque le Tribunal prend &#8220;acte de la saisine de la MRAe et de l&#8217;organisation d&#8217;une enqu\u00eate publique compl\u00e9mentaire ayant pour effet de r\u00e9gulariser le vice de proc\u00e9dure entachant l&#8217;arr\u00eat\u00e9 du 12 septembre 2017&#8221;. Tout est donc pour le mieux dans le meilleur des mondes\u2026 de l&#8217;\u00e9olien, la requ\u00eate est rejet\u00e9e et les promoteurs ont encore de beaux jours devant eux.<\/p>\n<p>L&#8217;association d\u00e9cidera, dans les deux mois suivant ce jugement, de ce qu&#8217;il convient de faire.<\/p>\n","protected":false},"excerpt":{"rendered":"<p>Comme suite au recours d\u00e9pos\u00e9 par les requ\u00e9rants en janvier 2018 contre l&#8217;arr\u00eat\u00e9 pr\u00e9fectoral initial, le Tribunal administratif, reconnaissant l&#8217;ill\u00e9galit\u00e9 de l&#8217;avis de l&#8217;Autorit\u00e9 environnementale, avait demand\u00e9 au Pr\u00e9fet de solliciter une autorit\u00e9 environnementale ind\u00e9pendante et prononc\u00e9 un sursis \u00e0 statuer le 21 mars 2019. Le Pr\u00e9fet avait alors saisi\u2026<\/p>\n<p> <a class=\"continue-reading-link\" href=\"http:\/\/neihb.fr\/wordpress\/2020\/03\/17\/le-tribunal-statue\/\"><span>Continue reading<\/span><i class=\"crycon-right-dir\"><\/i><\/a> <\/p>\n","protected":false},"author":1,"featured_media":0,"comment_status":"open","ping_status":"open","sticky":false,"template":"","format":"standard","meta":[],"categories":[1],"tags":[],"_links":{"self":[{"href":"http:\/\/neihb.fr\/wordpress\/wp-json\/wp\/v2\/posts\/1884"}],"collection":[{"href":"http:\/\/neihb.fr\/wordpress\/wp-json\/wp\/v2\/posts"}],"about":[{"href":"http:\/\/neihb.fr\/wordpress\/wp-json\/wp\/v2\/types\/post"}],"author":[{"embeddable":true,"href":"http:\/\/neihb.fr\/wordpress\/wp-json\/wp\/v2\/users\/1"}],"replies":[{"embeddable":true,"href":"http:\/\/neihb.fr\/wordpress\/wp-json\/wp\/v2\/comments?post=1884"}],"version-history":[{"count":3,"href":"http:\/\/neihb.fr\/wordpress\/wp-json\/wp\/v2\/posts\/1884\/revisions"}],"predecessor-version":[{"id":1890,"href":"http:\/\/neihb.fr\/wordpress\/wp-json\/wp\/v2\/posts\/1884\/revisions\/1890"}],"wp:attachment":[{"href":"http:\/\/neihb.fr\/wordpress\/wp-json\/wp\/v2\/media?parent=1884"}],"wp:term":[{"taxonomy":"category","embeddable":true,"href":"http:\/\/neihb.fr\/wordpress\/wp-json\/wp\/v2\/categories?post=1884"},{"taxonomy":"post_tag","embeddable":true,"href":"http:\/\/neihb.fr\/wordpress\/wp-json\/wp\/v2\/tags?post=1884"}],"curies":[{"name":"wp","href":"https:\/\/api.w.org\/{rel}","templated":true}]}}