{"id":1996,"date":"2021-04-12T18:41:18","date_gmt":"2021-04-12T17:41:18","guid":{"rendered":"http:\/\/neihb.fr\/wordpress\/?p=1996"},"modified":"2021-04-12T18:41:18","modified_gmt":"2021-04-12T17:41:18","slug":"deboisement","status":"publish","type":"post","link":"http:\/\/neihb.fr\/wordpress\/2021\/04\/12\/deboisement\/","title":{"rendered":"D\u00e9boisement"},"content":{"rendered":"<p>Alors que les recours d\u00e9pos\u00e9s par l&#8217;Association sont toujours pendants devant la Cour Administrative d&#8217;Appel de Lyon, la CNR a estim\u00e9 qu&#8217;elle pouvait prendre le risque de proc\u00e9der au d\u00e9boisement des parcelles destin\u00e9es \u00e0 recevoir les \u00e9oliennes.<\/p>\n<p>Ce sont ainsi 2 hectares de for\u00eat (r\u00e9sineux et feuillus) qui ont \u00e9t\u00e9 ray\u00e9s de la carte foresti\u00e8re entre le 18 janvier et le 15 mars par une entreprise de Ronno, les entreprises locales (St Bonnet, St Igny, Aigueperse) n&#8217;ayant pas \u00e9t\u00e9 sollicit\u00e9es.<\/p>\n<p><img decoding=\"async\" loading=\"lazy\" class=\"aligncenter wp-image-1994\" src=\"http:\/\/neihb.fr\/wp-content\/uploads\/2021\/04\/Champ-Bayon_avant-300x169.jpg\" alt=\"\" width=\"400\" height=\"225\" srcset=\"http:\/\/neihb.fr\/wp-content\/uploads\/2021\/04\/Champ-Bayon_avant-300x169.jpg 300w, http:\/\/neihb.fr\/wp-content\/uploads\/2021\/04\/Champ-Bayon_avant-768x432.jpg 768w, http:\/\/neihb.fr\/wp-content\/uploads\/2021\/04\/Champ-Bayon_avant-1024x576.jpg 1024w, http:\/\/neihb.fr\/wp-content\/uploads\/2021\/04\/Champ-Bayon_avant-250x141.jpg 250w, http:\/\/neihb.fr\/wp-content\/uploads\/2021\/04\/Champ-Bayon_avant-150x84.jpg 150w, http:\/\/neihb.fr\/wp-content\/uploads\/2021\/04\/Champ-Bayon_avant.jpg 1280w\" sizes=\"(max-width: 400px) 100vw, 400px\" \/> <img decoding=\"async\" loading=\"lazy\" class=\"aligncenter wp-image-1993\" src=\"http:\/\/neihb.fr\/wp-content\/uploads\/2021\/04\/Champ-Bayon_apr\u00e8s-300x225.jpg\" alt=\"\" width=\"400\" height=\"300\" srcset=\"http:\/\/neihb.fr\/wp-content\/uploads\/2021\/04\/Champ-Bayon_apr\u00e8s-300x225.jpg 300w, http:\/\/neihb.fr\/wp-content\/uploads\/2021\/04\/Champ-Bayon_apr\u00e8s-768x576.jpg 768w, http:\/\/neihb.fr\/wp-content\/uploads\/2021\/04\/Champ-Bayon_apr\u00e8s-1024x768.jpg 1024w, http:\/\/neihb.fr\/wp-content\/uploads\/2021\/04\/Champ-Bayon_apr\u00e8s-200x150.jpg 200w, http:\/\/neihb.fr\/wp-content\/uploads\/2021\/04\/Champ-Bayon_apr\u00e8s-150x113.jpg 150w\" sizes=\"(max-width: 400px) 100vw, 400px\" \/><\/p>\n<p>Nous avions demand\u00e9 \u00e0 ce que les surfaces bois\u00e9es supprim\u00e9es soient replant\u00e9es \u00e0 proximit\u00e9. Nous avons apparemment \u00e9t\u00e9 entendus puisque la CNR a sign\u00e9 une convention avec la mairie de Saint Igny de Vers pour reboiser\u2026 une zone humide !<\/p>\n<p><strong>Cette zone humide, en forme de vaste cuvette et situ\u00e9e sur le site, ne pourrait-elle pas servir \u00e0 autre chose dans le cadre des travaux de terrassement et ne serait-il pas plus facile de planter des arbres sur de la terre plut\u00f4t que dans l&#8217;eau ?<\/strong><\/p>\n<p>La CNR, qui vient de d\u00e9boiser Champ Bayon et qui s&#8217;appr\u00eate \u00e0 bouleverser l&#8217;\u00e9cosyst\u00e8me local se pose en d\u00e9fenseur de la biodiversit\u00e9 en laissant derri\u00e8re elle cette magnifique inscription. M\u00e9pris ou provocation ? Les deux ?<\/p>\n<p><img decoding=\"async\" loading=\"lazy\" class=\"aligncenter wp-image-1995\" src=\"http:\/\/neihb.fr\/wp-content\/uploads\/2021\/04\/Pancarte-CNR-300x225.jpg\" alt=\"\" width=\"400\" height=\"300\" srcset=\"http:\/\/neihb.fr\/wp-content\/uploads\/2021\/04\/Pancarte-CNR-300x225.jpg 300w, http:\/\/neihb.fr\/wp-content\/uploads\/2021\/04\/Pancarte-CNR-768x576.jpg 768w, http:\/\/neihb.fr\/wp-content\/uploads\/2021\/04\/Pancarte-CNR-1024x768.jpg 1024w, http:\/\/neihb.fr\/wp-content\/uploads\/2021\/04\/Pancarte-CNR-200x150.jpg 200w, http:\/\/neihb.fr\/wp-content\/uploads\/2021\/04\/Pancarte-CNR-150x113.jpg 150w\" sizes=\"(max-width: 400px) 100vw, 400px\" \/><\/p>\n","protected":false},"excerpt":{"rendered":"<p>Alors que les recours d\u00e9pos\u00e9s par l&#8217;Association sont toujours pendants devant la Cour Administrative d&#8217;Appel de Lyon, la CNR a estim\u00e9 qu&#8217;elle pouvait prendre le risque de proc\u00e9der au d\u00e9boisement des parcelles destin\u00e9es \u00e0 recevoir les \u00e9oliennes. Ce sont ainsi 2 hectares de for\u00eat (r\u00e9sineux et feuillus) qui ont \u00e9t\u00e9\u2026<\/p>\n<p> <a class=\"continue-reading-link\" href=\"http:\/\/neihb.fr\/wordpress\/2021\/04\/12\/deboisement\/\"><span>Continue reading<\/span><i class=\"crycon-right-dir\"><\/i><\/a> <\/p>\n","protected":false},"author":1,"featured_media":0,"comment_status":"open","ping_status":"open","sticky":false,"template":"","format":"standard","meta":[],"categories":[1],"tags":[],"_links":{"self":[{"href":"http:\/\/neihb.fr\/wordpress\/wp-json\/wp\/v2\/posts\/1996"}],"collection":[{"href":"http:\/\/neihb.fr\/wordpress\/wp-json\/wp\/v2\/posts"}],"about":[{"href":"http:\/\/neihb.fr\/wordpress\/wp-json\/wp\/v2\/types\/post"}],"author":[{"embeddable":true,"href":"http:\/\/neihb.fr\/wordpress\/wp-json\/wp\/v2\/users\/1"}],"replies":[{"embeddable":true,"href":"http:\/\/neihb.fr\/wordpress\/wp-json\/wp\/v2\/comments?post=1996"}],"version-history":[{"count":1,"href":"http:\/\/neihb.fr\/wordpress\/wp-json\/wp\/v2\/posts\/1996\/revisions"}],"predecessor-version":[{"id":1997,"href":"http:\/\/neihb.fr\/wordpress\/wp-json\/wp\/v2\/posts\/1996\/revisions\/1997"}],"wp:attachment":[{"href":"http:\/\/neihb.fr\/wordpress\/wp-json\/wp\/v2\/media?parent=1996"}],"wp:term":[{"taxonomy":"category","embeddable":true,"href":"http:\/\/neihb.fr\/wordpress\/wp-json\/wp\/v2\/categories?post=1996"},{"taxonomy":"post_tag","embeddable":true,"href":"http:\/\/neihb.fr\/wordpress\/wp-json\/wp\/v2\/tags?post=1996"}],"curies":[{"name":"wp","href":"https:\/\/api.w.org\/{rel}","templated":true}]}}