{"id":2025,"date":"2021-04-18T21:48:56","date_gmt":"2021-04-18T20:48:56","guid":{"rendered":"http:\/\/neihb.fr\/wordpress\/?p=2025"},"modified":"2021-04-18T21:48:56","modified_gmt":"2021-04-18T20:48:56","slug":"etude-de-vent","status":"publish","type":"post","link":"http:\/\/neihb.fr\/wordpress\/2021\/04\/18\/etude-de-vent\/","title":{"rendered":"\u00c9tude de vent"},"content":{"rendered":"<p>Une \u00e9tude de vent a bien \u00e9t\u00e9 r\u00e9alis\u00e9e \u00e0 la demande du promoteur. Elle est mentionn\u00e9e dans l&#8217;\u00e9tude d&#8217;impact sur l&#8217;environnement. Certes, le mat de mesure et le Spidar ne sont rest\u00e9s que quelques semaines sur le site alors qu&#8217;il faut g\u00e9n\u00e9ralement deux ann\u00e9es de mesure pour avoir une bonne id\u00e9e de la ressource mais les r\u00e9sultats pourraient donner une bonne id\u00e9e de la viabilit\u00e9 de l&#8217;op\u00e9ration.<\/p>\n<p><img decoding=\"async\" loading=\"lazy\" class=\"aligncenter wp-image-2032\" src=\"http:\/\/neihb.fr\/wp-content\/uploads\/2021\/04\/Mat-mesure-300x225.png\" alt=\"\" width=\"400\" height=\"300\" srcset=\"http:\/\/neihb.fr\/wp-content\/uploads\/2021\/04\/Mat-mesure-300x225.png 300w, http:\/\/neihb.fr\/wp-content\/uploads\/2021\/04\/Mat-mesure-768x576.png 768w, http:\/\/neihb.fr\/wp-content\/uploads\/2021\/04\/Mat-mesure-1024x768.png 1024w, http:\/\/neihb.fr\/wp-content\/uploads\/2021\/04\/Mat-mesure-200x150.png 200w, http:\/\/neihb.fr\/wp-content\/uploads\/2021\/04\/Mat-mesure-150x113.png 150w\" sizes=\"(max-width: 400px) 100vw, 400px\" \/><\/p>\n<p>Malheureusement, &#8220;cette \u00e9tude de vent ne fait pas partie des \u00e9l\u00e9ments constitutifs du dossier de demande d&#8217;autorisation exig\u00e9s par la r\u00e9glementation pour la cr\u00e9ation d&#8217;un parc \u00e9olien&#8221; et l&#8217;Administration ne l&#8217;a jamais eu en sa possession. Elle ne peut donc pas la fournir.<\/p>\n<p>Or, il se trouve que l&#8217;autorisation donn\u00e9e par le Pr\u00e9fet via l&#8217;arr\u00eat\u00e9 du 12 septembre 2017 s&#8217;appuie, entre autres, sur des r\u00e9sultats de mesure. Pour preuve : &#8220;d&#8217;apr\u00e8s les mesures effectu\u00e9es, le gisement \u00e9olien pr\u00e9sente une vitesse moyenne oscillant entre 6,15 et 6,2\u00a0m\/s \u00e0 50 m de hauteur. Ce potentiel est jug\u00e9 suffisant pour une production d&#8217;\u00e9nergie&#8221;. Mais alors, d&#8217;o\u00f9 viennent ces valeurs, si pr\u00e9cises, puisque les services de l&#8217;\u00c9tat n&#8217;ont jamais eu l&#8217;occasion d&#8217;analyser les r\u00e9sultats de l&#8217;\u00e9tude de vent ?<\/p>\n<p>Et pourquoi, si le potentiel est jug\u00e9 suffisant \u00e0 50 m, faut-il avoir recours \u00e0 des machines dont le moyeu se situe \u00e0 120 voire 135 m de haut et avoir, ensuite, remplac\u00e9 le rotor de 101 m par un rotor de 117 m ?<\/p>\n<p>Il est bien dommage que l&#8217;Administration n&#8217;ait pas jug\u00e9 opportun de s&#8217;assurer que tous les co\u00fbts engag\u00e9s sur le compte des consommateurs d&#8217;\u00e9lectricit\u00e9, que toutes les nuisances impos\u00e9es aux habitants et que toutes les d\u00e9gradations inflig\u00e9es \u00e0 l&#8217;environnement par cette installation industrielle en pleine for\u00eat et\u00a0au milieu\u00a0des zones humides soient compens\u00e9s par une production d&#8217;\u00e9nergie \u00e0 la hauteur des enjeux, surtout dans une des r\u00e9gions les moins vent\u00e9es de France\u2026<\/p>\n","protected":false},"excerpt":{"rendered":"<p>Une \u00e9tude de vent a bien \u00e9t\u00e9 r\u00e9alis\u00e9e \u00e0 la demande du promoteur. Elle est mentionn\u00e9e dans l&#8217;\u00e9tude d&#8217;impact sur l&#8217;environnement. Certes, le mat de mesure et le Spidar ne sont rest\u00e9s que quelques semaines sur le site alors qu&#8217;il faut g\u00e9n\u00e9ralement deux ann\u00e9es de mesure pour avoir une bonne\u2026<\/p>\n<p> <a class=\"continue-reading-link\" href=\"http:\/\/neihb.fr\/wordpress\/2021\/04\/18\/etude-de-vent\/\"><span>Continue reading<\/span><i class=\"crycon-right-dir\"><\/i><\/a> <\/p>\n","protected":false},"author":1,"featured_media":0,"comment_status":"open","ping_status":"open","sticky":false,"template":"","format":"standard","meta":[],"categories":[1],"tags":[],"_links":{"self":[{"href":"http:\/\/neihb.fr\/wordpress\/wp-json\/wp\/v2\/posts\/2025"}],"collection":[{"href":"http:\/\/neihb.fr\/wordpress\/wp-json\/wp\/v2\/posts"}],"about":[{"href":"http:\/\/neihb.fr\/wordpress\/wp-json\/wp\/v2\/types\/post"}],"author":[{"embeddable":true,"href":"http:\/\/neihb.fr\/wordpress\/wp-json\/wp\/v2\/users\/1"}],"replies":[{"embeddable":true,"href":"http:\/\/neihb.fr\/wordpress\/wp-json\/wp\/v2\/comments?post=2025"}],"version-history":[{"count":11,"href":"http:\/\/neihb.fr\/wordpress\/wp-json\/wp\/v2\/posts\/2025\/revisions"}],"predecessor-version":[{"id":2039,"href":"http:\/\/neihb.fr\/wordpress\/wp-json\/wp\/v2\/posts\/2025\/revisions\/2039"}],"wp:attachment":[{"href":"http:\/\/neihb.fr\/wordpress\/wp-json\/wp\/v2\/media?parent=2025"}],"wp:term":[{"taxonomy":"category","embeddable":true,"href":"http:\/\/neihb.fr\/wordpress\/wp-json\/wp\/v2\/categories?post=2025"},{"taxonomy":"post_tag","embeddable":true,"href":"http:\/\/neihb.fr\/wordpress\/wp-json\/wp\/v2\/tags?post=2025"}],"curies":[{"name":"wp","href":"https:\/\/api.w.org\/{rel}","templated":true}]}}