{"id":2136,"date":"2022-02-10T21:54:23","date_gmt":"2022-02-10T20:54:23","guid":{"rendered":"http:\/\/neihb.fr\/wordpress\/?p=2136"},"modified":"2022-02-10T22:18:09","modified_gmt":"2022-02-10T21:18:09","slug":"jugement-de-la-cour-dappel","status":"publish","type":"post","link":"http:\/\/neihb.fr\/wordpress\/2022\/02\/10\/jugement-de-la-cour-dappel\/","title":{"rendered":"Jugement de la Cour d&#8217;Appel"},"content":{"rendered":"<div dir=\"auto\">La Cour Administrative d&#8217;Appel de Lyon a rendu public son jugement, ce 10 f\u00e9vrier, et elle nous donne RAISON.<\/div>\n<div dir=\"auto\">Elle se fonde essentiellement sur la taille des machines install\u00e9es sur la cr\u00eate et qui vont g\u00e9n\u00e9rer un surplomb important pour les hameaux proches (Villemartin, Les Hayes, &#8230;) et sur les impacts sur le belv\u00e9d\u00e8re du mont Saint Rigaud, Elle annule, de ce fait, les deux jugements du Tribunal Administratif et les trois arr\u00eat\u00e9s pris par le Pr\u00e9fet du Rh\u00f4ne.<\/div>\n<div dir=\"auto\">Il a donc fallu que ce soit la Justice qui fasse ce qu&#8217;aucun de nos repr\u00e9sentants, maires des communes concern\u00e9es, \u00e9lus de la Communaut\u00e9 de communes, du D\u00e9partement, de la R\u00e9gion ou repr\u00e9sentants de l&#8217;\u00c9tat n&#8217;a \u00e9t\u00e9 capable de faire : se rendre compte que ce projet n&#8217;avait pas sa place \u00e0 cet endroit l\u00e0 et prendre en compte l&#8217;aspect humain du probl\u00e8me.<\/div>\n<div dir=\"auto\">Certes, la CNR peut se pourvoir devant le Conseil d&#8217;\u00c9tat, elle a deux mois pour le faire ou pas, mais si elle d\u00e9cide de le faire, nous sommes pr\u00eats \u00e0 l&#8217;affronter.<\/div>\n","protected":false},"excerpt":{"rendered":"<p>La Cour Administrative d&#8217;Appel de Lyon a rendu public son jugement, ce 10 f\u00e9vrier, et elle nous donne RAISON. Elle se fonde essentiellement sur la taille des machines install\u00e9es sur la cr\u00eate et qui vont g\u00e9n\u00e9rer un surplomb important pour les hameaux proches (Villemartin, Les Hayes, &#8230;) et sur les\u2026<\/p>\n<p> <a class=\"continue-reading-link\" href=\"http:\/\/neihb.fr\/wordpress\/2022\/02\/10\/jugement-de-la-cour-dappel\/\"><span>Continue reading<\/span><i class=\"crycon-right-dir\"><\/i><\/a> <\/p>\n","protected":false},"author":1,"featured_media":0,"comment_status":"open","ping_status":"open","sticky":false,"template":"","format":"standard","meta":[],"categories":[1],"tags":[],"_links":{"self":[{"href":"http:\/\/neihb.fr\/wordpress\/wp-json\/wp\/v2\/posts\/2136"}],"collection":[{"href":"http:\/\/neihb.fr\/wordpress\/wp-json\/wp\/v2\/posts"}],"about":[{"href":"http:\/\/neihb.fr\/wordpress\/wp-json\/wp\/v2\/types\/post"}],"author":[{"embeddable":true,"href":"http:\/\/neihb.fr\/wordpress\/wp-json\/wp\/v2\/users\/1"}],"replies":[{"embeddable":true,"href":"http:\/\/neihb.fr\/wordpress\/wp-json\/wp\/v2\/comments?post=2136"}],"version-history":[{"count":3,"href":"http:\/\/neihb.fr\/wordpress\/wp-json\/wp\/v2\/posts\/2136\/revisions"}],"predecessor-version":[{"id":2142,"href":"http:\/\/neihb.fr\/wordpress\/wp-json\/wp\/v2\/posts\/2136\/revisions\/2142"}],"wp:attachment":[{"href":"http:\/\/neihb.fr\/wordpress\/wp-json\/wp\/v2\/media?parent=2136"}],"wp:term":[{"taxonomy":"category","embeddable":true,"href":"http:\/\/neihb.fr\/wordpress\/wp-json\/wp\/v2\/categories?post=2136"},{"taxonomy":"post_tag","embeddable":true,"href":"http:\/\/neihb.fr\/wordpress\/wp-json\/wp\/v2\/tags?post=2136"}],"curies":[{"name":"wp","href":"https:\/\/api.w.org\/{rel}","templated":true}]}}