{"id":2196,"date":"2023-10-29T12:19:41","date_gmt":"2023-10-29T11:19:41","guid":{"rendered":"http:\/\/neihb.fr\/wordpress\/?p=2196"},"modified":"2023-10-29T12:19:41","modified_gmt":"2023-10-29T11:19:41","slug":"ag-extra","status":"publish","type":"post","link":"http:\/\/neihb.fr\/wordpress\/2023\/10\/29\/ag-extra\/","title":{"rendered":"AG Extra"},"content":{"rendered":"\n<p>Apr\u00e8s le succ\u00e8s de leur combat contre le projet \u00e9olien de Champ Bayon, les membres de l\u2019association NEIHB \u00e9taient appel\u00e9s, ce samedi 28 octobre \u00e0 Saint-Mamert, \u00e0 se prononcer sur le devenir de leur mouvement. \u00c0 l&#8217;issue de la pr\u00e9sentation de la situation et des diff\u00e9rentes solutions qui s&#8217;offraient \u00e0 eux, ils ont d\u00e9cid\u00e9, \u00e0 l&#8217;unanimit\u00e9, de poursuivre sur leur lanc\u00e9e et de rester vigilants quant \u00e0 d&#8217;\u00e9ventuels projets touchant \u00e0 la nature, \u00e0 l&#8217;environnement ou \u00e0 l&#8217;identit\u00e9 du Haut-Beaujolais qui ne recueilleraient pas l&#8217;assentiment de la population ou pour lesquels celle-ci ne serait pas consult\u00e9e. Afin de s&#8217;inscrire dans ce nouveau cadre, un certain nombre de modifications de l&#8217;organisation seront propos\u00e9es \u00e0 la prochaine assembl\u00e9e g\u00e9n\u00e9rale qui aura lieu en 2024. Quant\u00a0aux liens tiss\u00e9s entre NEIHB, les associations partenaires (Amis de la Nature du Haut-Beaujolais, Protection du Patrimoine du Haut-Beaujolais et Collectif de la Pierre de Saint Martin) et le collectif Touche Pas Mon Eau, ils seront renforc\u00e9s.<\/p>\n","protected":false},"excerpt":{"rendered":"<p>Apr\u00e8s le succ\u00e8s de leur combat contre le projet \u00e9olien de Champ Bayon, les membres de l\u2019association NEIHB \u00e9taient appel\u00e9s, ce samedi 28 octobre \u00e0 Saint-Mamert, \u00e0 se prononcer sur le devenir de leur mouvement. \u00c0 l&#8217;issue de la pr\u00e9sentation de la situation et des diff\u00e9rentes solutions qui s&#8217;offraient \u00e0\u2026<\/p>\n<p> <a class=\"continue-reading-link\" href=\"http:\/\/neihb.fr\/wordpress\/2023\/10\/29\/ag-extra\/\"><span>Continue reading<\/span><i class=\"crycon-right-dir\"><\/i><\/a> <\/p>\n","protected":false},"author":1,"featured_media":0,"comment_status":"open","ping_status":"open","sticky":false,"template":"","format":"standard","meta":[],"categories":[1],"tags":[],"_links":{"self":[{"href":"http:\/\/neihb.fr\/wordpress\/wp-json\/wp\/v2\/posts\/2196"}],"collection":[{"href":"http:\/\/neihb.fr\/wordpress\/wp-json\/wp\/v2\/posts"}],"about":[{"href":"http:\/\/neihb.fr\/wordpress\/wp-json\/wp\/v2\/types\/post"}],"author":[{"embeddable":true,"href":"http:\/\/neihb.fr\/wordpress\/wp-json\/wp\/v2\/users\/1"}],"replies":[{"embeddable":true,"href":"http:\/\/neihb.fr\/wordpress\/wp-json\/wp\/v2\/comments?post=2196"}],"version-history":[{"count":1,"href":"http:\/\/neihb.fr\/wordpress\/wp-json\/wp\/v2\/posts\/2196\/revisions"}],"predecessor-version":[{"id":2197,"href":"http:\/\/neihb.fr\/wordpress\/wp-json\/wp\/v2\/posts\/2196\/revisions\/2197"}],"wp:attachment":[{"href":"http:\/\/neihb.fr\/wordpress\/wp-json\/wp\/v2\/media?parent=2196"}],"wp:term":[{"taxonomy":"category","embeddable":true,"href":"http:\/\/neihb.fr\/wordpress\/wp-json\/wp\/v2\/categories?post=2196"},{"taxonomy":"post_tag","embeddable":true,"href":"http:\/\/neihb.fr\/wordpress\/wp-json\/wp\/v2\/tags?post=2196"}],"curies":[{"name":"wp","href":"https:\/\/api.w.org\/{rel}","templated":true}]}}